{"id":10002585,"global_id":"advk.ch\/fr\/?id=10002585","global_id_lineage":["advk.ch\/fr\/?id=10002585"],"author":"1","status":"publish","date":"2025-08-22 10:44:30","date_utc":"2025-08-22 08:44:30","modified":"2026-02-02 14:31:17","modified_utc":"2026-02-02 13:31:17","url":"https:\/\/advk.ch\/fr\/event\/cie-1-afp-2\/2026-09-21\/","rest_url":"https:\/\/advk.ch\/fr\/wp-json\/tribe\/events\/v1\/events\/10002585","title":"CIE 1 AFP","description":"<ul class=\"ul1\">\n<li class=\"li1\"><span class=\"s2\">Lieu du cours : ERZ ARA Glatt \u00e0 Opfikon Zurich<\/span><\/li>\n<\/ul>\n<p class=\"p2\"><span class=\"s2\"><b>Th\u00e8mes :<\/b><b><\/b><\/span><\/p>\n<ul class=\"ul1\">\n<li class=\"li1\"><span class=\"s2\">Assurer la s\u00e9curit\u00e9 au travail et la protection de la sant\u00e9<\/span><\/li>\n<li class=\"li1\"><span class=\"s2\">Assurer la protection de l&rsquo;environnement et de l&rsquo;eau<\/span><\/li>\n<\/ul>","excerpt":"","slug":"cie-1-afp-2","image":false,"all_day":true,"start_date":"2026-09-21 00:00:00","start_date_details":{"year":"2026","month":"09","day":"21","hour":"00","minutes":"00","seconds":"00"},"end_date":"2026-09-21 23:59:59","end_date_details":{"year":"2026","month":"09","day":"21","hour":"23","minutes":"59","seconds":"59"},"utc_start_date":"2026-09-20 22:00:00","utc_start_date_details":{"year":"2026","month":"09","day":"20","hour":"22","minutes":"00","seconds":"00"},"utc_end_date":"2026-09-21 21:59:59","utc_end_date_details":{"year":"2026","month":"09","day":"21","hour":"21","minutes":"59","seconds":"59"},"timezone":"Europe\/Zurich","timezone_abbr":"CEST","cost":"","cost_details":{"currency_symbol":"Fr","currency_code":"","currency_position":"","values":[]},"website":"https:\/\/advk.ch\/fr\/event\/cie-1-afp-2\/2026-09-21\/","show_map":true,"show_map_link":true,"hide_from_listings":false,"sticky":false,"featured":false,"categories":[{"name":"AFP","slug":"afp-fr-2","term_group":0,"term_taxonomy_id":54,"taxonomy":"tribe_events_cat","description":"","parent":0,"count":7,"filter":"raw","id":54,"urls":{"self":"https:\/\/advk.ch\/fr\/wp-json\/tribe\/events\/v1\/categories\/54","collection":"https:\/\/advk.ch\/fr\/wp-json\/tribe\/events\/v1\/categories"}}],"tags":[{"name":"franz\u00f6sisch","slug":"franzosisch","term_group":0,"term_taxonomy_id":84,"taxonomy":"post_tag","description":"","parent":0,"count":68,"filter":"raw","id":84,"urls":{"self":"https:\/\/advk.ch\/fr\/wp-json\/tribe\/events\/v1\/tags\/84","collection":"https:\/\/advk.ch\/fr\/wp-json\/tribe\/events\/v1\/tags"}}],"venue":[],"organizer":[],"custom_fields":[],"json_ld":{"@context":"http:\/\/schema.org","@type":"Event","name":"CIE 1 AFP","description":"&lt;p&gt;Lieu du cours : ERZ ARA Glatt \u00e0 Opfikon Zurich Th\u00e8mes : Assurer la s\u00e9curit\u00e9 au travail et la protection de la sant\u00e9 Assurer la protection de l\\'environnement et de [&hellip;]&lt;\/p&gt;\\n","url":"https:\/\/advk.ch\/fr\/event\/cie-1-afp-2\/2026-09-21\/","eventAttendanceMode":"https:\/\/schema.org\/OfflineEventAttendanceMode","eventStatus":"https:\/\/schema.org\/EventScheduled","startDate":"2026-09-21T00:00:00+02:00","endDate":"2026-09-21T23:59:59+02:00","performer":"Organization"},"is_virtual":false,"virtual_url":null,"virtual_video_source":""}